{"id":1271,"date":"2021-04-19T17:38:07","date_gmt":"2021-04-19T17:38:07","guid":{"rendered":"http:\/\/www.minikulupcocukevi.com\/Web\/?p=1271"},"modified":"2024-04-07T16:36:29","modified_gmt":"2024-04-07T16:36:29","slug":"yeni-bir-baslangica-dogru","status":"publish","type":"post","link":"https:\/\/www.minikulupcocukevi.com\/web\/yeni-bir-baslangica-dogru\/","title":{"rendered":"Yeni Bir Ba\u015flang\u0131ca Do\u011fru"},"content":{"rendered":"\u0130lkokula Haz\u0131rl\u0131k s\u0131n\u0131f\u0131 olarak; amac\u0131m\u0131z, mutlu, sevgi dolu, farkl\u0131l\u0131klara sayg\u0131l\u0131, ho\u015fg\u00f6r\u00fcl\u00fc, do\u011fay\u0131 seven ve sayg\u0131 duyan, kendi ya\u015f seviyesine ve geli\u015fimsel seyrine g\u00f6re empati becerisi geli\u015fmi\u015f, neden sonu\u00e7 ili\u015fkisi kurabilen, kendi duygular\u0131n\u0131 anlayabilen ve ifade edebilen, yarat\u0131c\u0131, ke\u015ffetmeyi seven, tecr\u00fcbe ederek (kal\u0131c\u0131 ve etkili \u00f6\u011frenme) \u00f6\u011frenebilen, belirli bir sosyal ve duygusal olgunluk seviyesine ula\u015fabilmi\u015f bireyler yani k\u0131saca duygusal zekas\u0131 y\u00fcksek bireyler yeti\u015ftirmeye \u00e7al\u0131\u015fmakt\u0131r.\n\n\u00c7ocuklar\u0131m\u0131z okulumuzdan mezun olup ilkokula ba\u015flad\u0131klar\u0131 zaman, kendilerini farkl\u0131 bir e\u011fitim sisteminin i\u00e7erisinde bulacaklard\u0131r. Bu noktada bulunduklar\u0131 ortama rahat uyum sa\u011flayabilmeleri, okul \u00f6ncesinden ilkokula yumu\u015fak bir ge\u00e7i\u015f yapabilmeleri i\u00e7in okul \u00f6ncesi e\u011fitimin \u00f6neminin kavranmas\u0131 her anlamda \u00f6nem arz etmektedir.\n\nOkul \u00f6ncesi e\u011fitimin temel amac\u0131; \u00e7ocu\u011fun ilk\u00f6\u011fretime ba\u015flamadan \u00f6nce, bedensel, zihinsel, duygusal, sosyal ve \u00f6zbak\u0131m olarak bir b\u00fct\u00fcn olarak geli\u015fmesi i\u00e7in belirlenen ortamda uygun bir e\u011fitim vermek olmal\u0131d\u0131r.\n\n\u0130lkokula haz\u0131rl\u0131k \u00e7al\u0131\u015fmalar\u0131; \u00e7ocuklar\u0131n okul \u00f6ncesi e\u011fitim kurumlar\u0131na devam etti\u011fi s\u00fcre boyunca sosyal ve duygusal, psikomotor, bili\u015fsel, dil ve \u00f6z bak\u0131m becerileri gibi b\u00fct\u00fcn alanlarda e\u015fit \u015fekilde desteklendi\u011fi \u00e7al\u0131\u015fmalar\u0131n bir b\u00fct\u00fcn\u00fcd\u00fcr.\n\n\u00d6\u011frenim hayat\u0131n\u0131n ba\u015far\u0131l\u0131 ge\u00e7mesinde okul \u00f6ncesi e\u011fitim d\u00f6nemi \u00f6nemlidir. \u0130lkokula haz\u0131rl\u0131k e\u011fitimini tamamlayan \u00e7ocuklar\u0131n okula iyi bir ba\u015flang\u0131\u00e7 yapmalar\u0131n\u0131 sadece akademik becerileri de\u011fil, \u00f6ncelikli olarak sosyal davran\u0131\u015flar\u0131 belirler. Sosyal davran\u0131\u015f becerileri geli\u015fmi\u015f \u00f6\u011frenciler s\u0131n\u0131f ortam\u0131nda akademik ba\u015far\u0131lar\u0131n\u0131 da tam anlam\u0131 ile g\u00f6sterebilirler.\n\nOkuma yazmaya haz\u0131rl\u0131k \u00e7al\u0131\u015fmalar\u0131 ilkokula haz\u0131rl\u0131k \u00e7al\u0131\u015fmalar\u0131n\u0131n i\u00e7erisinde yer alan ve \u00e7ocuklar\u0131n ilkokula ge\u00e7i\u015fini kolayla\u015ft\u0131rmak, haz\u0131r olma d\u00fczeylerini okul \u00f6ncesi d\u00f6nemde art\u0131rmak amac\u0131yla yap\u0131lan etkinliklerdir. \u0130lkokula haz\u0131rl\u0131k \u00e7al\u0131\u015fmalar\u0131, sadece okuma ve yazmay\u0131 \u00f6\u011fretmek amac\u0131n\u0131 ta\u015f\u0131mamal\u0131, masa ba\u015f\u0131nda yap\u0131lan kitap, kavram, \u00e7izgi \u00e7al\u0131\u015fmalar\u0131 olarak ta de\u011ferlendirilmemelidir. Aksine, bu \u00e7al\u0131\u015fmalar bir\u00e7ok farkl\u0131 etkinlik \u00e7e\u015fidi ile (sanat, drama, m\u00fczik, oyun vb.) ger\u00e7ekle\u015ftirilmelidir.\n\n\u00c7ocuklar\u0131n, okuma ve yazman\u0131n gereklili\u011fini ve ger\u00e7ek ya\u015fam ile ili\u015fkisini anlamalar\u0131 \u00f6nemlidir. B\u00f6ylece \u00e7ocuklar\u0131n okuma ve yazmaya, okula kar\u015f\u0131 olumlu bir alg\u0131 geli\u015ftirmeleri desteklenecektir. Okuma ve yazma i\u00e7in fark\u0131ndal\u0131k yaratmak, heveslendirmek yap\u0131lacak \u00e7al\u0131\u015fmalar\u0131n amac\u0131na ula\u015fabilmesi a\u00e7\u0131s\u0131ndan son derece \u00f6nemlidir. Bu anlamda \u00f6\u011frencilerin de baz\u0131 becerileri yapabilmeleri ve geli\u015ftirmeleri sa\u011flanmal\u0131d\u0131r.\n\nBu bilgiler \u0131\u015f\u0131\u011f\u0131nda; okulumuzdaki ilkokula haz\u0131rl\u0131k s\u0131n\u0131f\u0131 kazan\u0131mlar\u0131n\u0131 k\u0131saca \u00f6zetleyecek olursak;\nOkumaya haz\u0131rl\u0131k becerileri (okuma ve yazma \u00f6ncesi beceriler, sesleri tan\u0131ma, dikkati yo\u011funla\u015ft\u0131rma, el g\u00f6z koordinasyonu sa\u011flama)\n\nMatematik becerileri (rakamlar\u0131 tan\u0131ma, setler olu\u015fturma, \u015fekilleri \u00f6\u011frenme, s\u0131ralama vb.)\n\nMotor beceriler (b\u00fcy\u00fck ve k\u00fc\u00e7\u00fck kas geli\u015fimi)\n\nDuygusal ve sosyal beceriler (kendi duygular\u0131n\u0131 uygun bi\u00e7imde ifade etme, duygular\u0131n\u0131 toplum taraf\u0131ndan kabul edilebilir \u015fekilde ifade etme, ba\u015fkalar\u0131yla ileti\u015fim ve empati kurabilme, sorun \u00e7\u00f6zebilme, gerekti\u011fi gibi davranabilme)\n\n\u00d6z bak\u0131m becerileri (kendi ihtiya\u00e7lar\u0131n\u0131 kar\u015f\u0131lama, temizlik, beslenme, gibi \u00f6z bak\u0131m i\u015flerini yapma, kazalardan kendi kendini koruyabilme, giysilerini giyme ve \u00e7\u0131karma vb.)\nolarak geli\u015fim alanlar\u0131na g\u00f6re s\u0131n\u0131fland\u0131rabiliriz.\n\n\n<p style=\"text-align: center;\"><strong>Mini Kul\u00fcp \u00c7ocuk Evi Psikolojik Dan\u0131\u015fmanlar\u0131<\/strong>\n<!-- \/wp:post-content --><!-- \/wp:freeform -->","protected":false},"excerpt":{"rendered":"<p>\u0130lkokula Haz\u0131rl\u0131k s\u0131n\u0131f\u0131 olarak; amac\u0131m\u0131z, mutlu, sevgi dolu, farkl\u0131l\u0131klara sayg\u0131l\u0131, ho\u015fg\u00f6r\u00fcl\u00fc, do\u011fay\u0131 seven ve sayg\u0131 duyan, kendi ya\u015f seviyesine ve geli\u015fimsel seyrine g\u00f6re empati becerisi geli\u015fmi\u015f, neden sonu\u00e7 ili\u015fkisi kurabilen, kendi duygular\u0131n\u0131 anlayabilen ve ifade edebilen, yarat\u0131c\u0131, ke\u015ffetmeyi seven, tecr\u00fcbe ederek (kal\u0131c\u0131 ve etkili \u00f6\u011frenme) \u00f6\u011frenebilen, belirli bir sosyal ve duygusal olgunluk seviyesine ula\u015fabilmi\u015f bireyler<\/p>\n<div class=\"klb-readmore\"><a href=\"https:\/\/www.minikulupcocukevi.com\/web\/yeni-bir-baslangica-dogru\/\" class=\"btn btn-primary\">READ MORE<\/a><\/div>\n","protected":false},"author":1,"featured_media":1272,"comment_status":"closed","ping_status":"closed","sticky":false,"template":"","format":"standard","meta":{"footnotes":""},"categories":[18],"tags":[],"class_list":["post-1271","post","type-post","status-publish","format-standard","has-post-thumbnail","hentry","category-genel","col-lg-12 mb-5"],"_links":{"self":[{"href":"https:\/\/www.minikulupcocukevi.com\/web\/wp-json\/wp\/v2\/posts\/1271","targetHints":{"allow":["GET"]}}],"collection":[{"href":"https:\/\/www.minikulupcocukevi.com\/web\/wp-json\/wp\/v2\/posts"}],"about":[{"href":"https:\/\/www.minikulupcocukevi.com\/web\/wp-json\/wp\/v2\/types\/post"}],"author":[{"embeddable":true,"href":"https:\/\/www.minikulupcocukevi.com\/web\/wp-json\/wp\/v2\/users\/1"}],"replies":[{"embeddable":true,"href":"https:\/\/www.minikulupcocukevi.com\/web\/wp-json\/wp\/v2\/comments?post=1271"}],"version-history":[{"count":6,"href":"https:\/\/www.minikulupcocukevi.com\/web\/wp-json\/wp\/v2\/posts\/1271\/revisions"}],"predecessor-version":[{"id":1997,"href":"https:\/\/www.minikulupcocukevi.com\/web\/wp-json\/wp\/v2\/posts\/1271\/revisions\/1997"}],"wp:featuredmedia":[{"embeddable":true,"href":"https:\/\/www.minikulupcocukevi.com\/web\/wp-json\/wp\/v2\/media\/1272"}],"wp:attachment":[{"href":"https:\/\/www.minikulupcocukevi.com\/web\/wp-json\/wp\/v2\/media?parent=1271"}],"wp:term":[{"taxonomy":"category","embeddable":true,"href":"https:\/\/www.minikulupcocukevi.com\/web\/wp-json\/wp\/v2\/categories?post=1271"},{"taxonomy":"post_tag","embeddable":true,"href":"https:\/\/www.minikulupcocukevi.com\/web\/wp-json\/wp\/v2\/tags?post=1271"}],"curies":[{"name":"wp","href":"https:\/\/api.w.org\/{rel}","templated":true}]}}