{"id":1547,"date":"2022-01-24T09:19:14","date_gmt":"2022-01-24T09:19:14","guid":{"rendered":"http:\/\/www.minikulupcocukevi.com\/Web\/?p=1547"},"modified":"2024-04-07T16:31:03","modified_gmt":"2024-04-07T16:31:03","slug":"cocuklarin-korku-kaygilariyla-bas-etmesine-yardim-edebilmek","status":"publish","type":"post","link":"https:\/\/www.minikulupcocukevi.com\/web\/cocuklarin-korku-kaygilariyla-bas-etmesine-yardim-edebilmek\/","title":{"rendered":"\u00c7ocuklar\u0131n Korku \/ Kayg\u0131lar\u0131yla Ba\u015f Etmesine Yard\u0131m Edebilmek"},"content":{"rendered":"\n<p>Korku a\u00e7\u0131k bir tehlike ya da tehdide kar\u015f\u0131 verilen normal ve evrensel bir tepkidir.&nbsp; Herhangi bir tehlike an\u0131nda bize ne yapmam\u0131z gerekti\u011fine dair ise kayg\u0131lar\u0131m\u0131z bize bir uyar\u0131 verir. Korku ve kayg\u0131n\u0131n nedenlerine bak\u0131ld\u0131\u011f\u0131nda biyopsikososyal model olarak adland\u0131r\u0131lan biyolojik (miza\u00e7, hormonel dengesizler, geli\u015fim s\u00fcreci vb..) psikolojik (travma ge\u00e7mi\u015fi, gebelikten gelen stres d\u00fczeyi vb.. )&nbsp; ve sosyal (ebeveyn tutumlar\u0131, \u00e7evreyle etkile\u015fim vb..)&nbsp; ba\u015fl\u0131klar a\u00e7\u0131s\u0131ndan \u00fc\u00e7l\u00fc bir bak\u0131\u015f\u0131n bile\u015fimi mevcuttur.<\/p>\n\n\n\n<p>&nbsp;<\/p>\n\n\n\n<p><strong>En s\u0131k kar\u015f\u0131la\u015f\u0131lan kayg\u0131\/ korkular nelerdir?<\/strong><\/p>\n\n\n\n<ul class=\"wp-block-list\"><li>Aileden ayr\u0131lmak \/ ayr\u0131 kalmak<\/li><li>Di\u011fer \u00e7ocuklarla ve yeti\u015fkinlerle ileti\u015fime ge\u00e7mek (sosyal ortamlar\/ sahne\/ birebir etkile\u015fim\/ hata yapmak)<\/li><li>Fiziksel korkular (y\u00fczmek, bisiklete binmek vb.)<\/li><li>Medikal s\u00fcre\u00e7lere ili\u015fkin korkular (doktor, hem\u015fire, a\u015f\u0131, di\u015f\u00e7i vb.)<\/li><li>\u00c7evre ve do\u011faya ili\u015fkin korkular (hayvan, b\u00f6cekler vb..)<\/li><li>Bilinmeyene ili\u015fkin korkular (\u00f6l\u00fcm, karanl\u0131k, tanr\u0131, dinler vb..)<\/li><li>Hayali s\u00fcre\u00e7lere ili\u015fkin korkular (canavarlar, zombiler vb.. )<\/li><\/ul>\n\n\n\n<p>&nbsp;<\/p>\n\n\n\n<p><strong>Korkunun kayna\u011f\u0131 nedir?<\/strong><\/p>\n\n\n\n<ul class=\"wp-block-list\"><li>Nesnelerin i\u015flevi hakk\u0131nda eksik bilgi (sifon, kalorifer vb.. )<\/li><li>Olumsuz deneyimlerle ili\u015fkisi var m\u0131? (d\u00fc\u015fme, anne karn\u0131nda ya\u015fanan bir durum)<\/li><li>Olumsuz bir ili\u015fkilendirme deneyimi var m\u0131? (bir k\u00f6pek \u0131s\u0131r\u0131nca t\u00fcm t\u00fcyl\u00fc \u015feylerden korkma)<\/li><li>\u00d6\u011frenilmi\u015flik (ebeveyn tepkisini g\u00f6zlemleyerek)<\/li><li>Hayal g\u00fcc\u00fcn\u00fcn etkisi olabilir mi? (duvardan insan sil\u00fceti g\u00f6rmesi vb.)<\/li><li>Varolu\u015fsal korkular (bir \u015feyin \u00f6lmesi)<br><\/li><\/ul>\n\n\n\n<p>&nbsp;<\/p>\n\n\n\n<p><strong>Ebeveyn olarak siz neler yapabilirsiniz?<\/strong><\/p>\n\n\n\n<ul class=\"wp-block-list\"><li>Kayg\u0131l\u0131 \u00e7ocuklar s\u0131k s\u0131k ba\u015fkalar\u0131n\u0131n g\u00fcvende olma hissini \u00f6d\u00fcn\u00e7 almak i\u00e7in s\u0131k s\u0131k sorular sorar, cevaplar\u0131ndan tatmin olmaz bir daha sorar. Bu kendisinin g\u00fcvende oldu\u011funa emin olma hissinin bir par\u00e7as\u0131d\u0131r. Verilen cevaplar \u00e7ocu\u011fun kendi ba\u015f\u0131na da kendisine s\u00f6yledi\u011fi ve d\u00fc\u015f\u00fcnd\u00fc\u011f\u00fc bir i\u00e7 ses haline gelir. Bu i\u00e7 sesin etkisi \u00f6yle b\u00fcy\u00fckt\u00fcr ki yeti\u015fkin biri oldu\u011funda bile \u00e7ocu\u011funuza s\u00f6yledi\u011finiz \u015feyler onun i\u00e7 sesi olmaya devam eder. Bu y\u00fczden ebeveyn olarak \u00e7ocuklara d\u00fcnya ve ya\u015famaya dair&nbsp; bak\u0131\u015f a\u00e7\u0131s\u0131 olarak s\u00f6ylediklerimiz \u00f6nemlidir.\n<\/li><li>\u00c7ocu\u011funuzun kayg\u0131l\u0131 bir an\u0131nda \u00f6nce kendi i\u00e7inize d\u00f6n\u00fcp kendi kayg\u0131lar\u0131n\u0131z\u0131n sesinin ne kadar a\u00e7\u0131k oldu\u011funa bakmak iyi bir ba\u015flang\u0131\u00e7 olacakt\u0131r.&nbsp;&nbsp; Siz korkuyu ve kayg\u0131y\u0131 nas\u0131l kar\u015f\u0131l\u0131yorsunuz? Bu duyguya alan a\u00e7\u0131yor musunuz yoksa hemen p\u00fcsk\u00fcrt\u00fcyor musunuz?&nbsp; Buna bir bakmak ard\u0131ndan \u00e7ocu\u011funuzun duygular\u0131na e\u015flik\u00e7i olmak \u00f6nemlidir.<\/li><li>\u00c7ocuklar ebeveynlerinin y\u00fczlerini, bedensel duru\u015flar\u0131n\u0131 ve duygular\u0131n\u0131 \u00e7ok iyi okur. Bu y\u00fczden sizin s\u00fckunetiniz \u00e7ocuklar\u0131n da s\u00fckunetidir. Sinir sisteminiz; beden diliniz, y\u00fcz ifadeniz ve ses tonunuz arac\u0131l\u0131\u011f\u0131yla \u00e7ocu\u011funuzun sinir sistemiyle do\u011frudan bir ili\u015fki kurar. Onlar\u0131n \u00fczerinde en b\u00fcy\u00fck \u015feyi yaratan \u015fey s\u00f6zc\u00fcklerimiz de\u011fil; g\u00fcven ve inan\u00e7 duygular\u0131n\u0131 yaratan \u00e7ocuklar\u0131m\u0131za verdi\u011fimiz s\u00f6zel olmayan ipu\u00e7lar\u0131d\u0131r.<\/li><li>Korkulan \u015feyin d\u0131\u015fa vurulmas\u0131 \u00f6nemlidir. Korkuyu somutla\u015ft\u0131rmak; kontrol edilebilirli\u011fini artt\u0131r\u0131r, belirsizlikten uzakla\u015ft\u0131r\u0131r. G\u00fcn i\u00e7erisinde ona zor gelen \u015feyleri ka\u011f\u0131da d\u00f6kmesi ya da beden yoluyla anlatmas\u0131 istenebilir.<\/li><li>Fiziksel temas, sevgiyle g\u00f6zlerin i\u00e7ine temas etmek kurulan ba\u011f\u0131 kuvvetlendirmek konusunda k\u0131ymetlidir.<\/li><\/ul>\n\n\n\n<p>&nbsp;<\/p>\n\n\n<!-- \/wp:post-content -->\n<p style=\"text-align: center;\"><strong>Mini Kul\u00fcp \u00c7ocuk Evi Psikolojik Dan\u0131\u015fmanlar\u0131<\/strong>\n<!-- \/wp:paragraph -->","protected":false},"excerpt":{"rendered":"<p>Korku a\u00e7\u0131k bir tehlike ya da tehdide kar\u015f\u0131 verilen normal ve evrensel bir tepkidir.&nbsp; Herhangi bir tehlike an\u0131nda bize ne yapmam\u0131z gerekti\u011fine dair ise kayg\u0131lar\u0131m\u0131z bize bir uyar\u0131 verir. Korku ve kayg\u0131n\u0131n nedenlerine bak\u0131ld\u0131\u011f\u0131nda biyopsikososyal model olarak adland\u0131r\u0131lan biyolojik (miza\u00e7, hormonel dengesizler, geli\u015fim s\u00fcreci vb..) psikolojik (travma ge\u00e7mi\u015fi, gebelikten gelen stres d\u00fczeyi vb.. )&nbsp; ve<\/p>\n<div class=\"klb-readmore\"><a href=\"https:\/\/www.minikulupcocukevi.com\/web\/cocuklarin-korku-kaygilariyla-bas-etmesine-yardim-edebilmek\/\" class=\"btn btn-primary\">READ MORE<\/a><\/div>\n","protected":false},"author":1,"featured_media":1549,"comment_status":"closed","ping_status":"closed","sticky":false,"template":"","format":"standard","meta":{"footnotes":""},"categories":[1],"tags":[],"class_list":["post-1547","post","type-post","status-publish","format-standard","has-post-thumbnail","hentry","category-psikolojik-yazilar","col-lg-12 mb-5"],"_links":{"self":[{"href":"https:\/\/www.minikulupcocukevi.com\/web\/wp-json\/wp\/v2\/posts\/1547","targetHints":{"allow":["GET"]}}],"collection":[{"href":"https:\/\/www.minikulupcocukevi.com\/web\/wp-json\/wp\/v2\/posts"}],"about":[{"href":"https:\/\/www.minikulupcocukevi.com\/web\/wp-json\/wp\/v2\/types\/post"}],"author":[{"embeddable":true,"href":"https:\/\/www.minikulupcocukevi.com\/web\/wp-json\/wp\/v2\/users\/1"}],"replies":[{"embeddable":true,"href":"https:\/\/www.minikulupcocukevi.com\/web\/wp-json\/wp\/v2\/comments?post=1547"}],"version-history":[{"count":3,"href":"https:\/\/www.minikulupcocukevi.com\/web\/wp-json\/wp\/v2\/posts\/1547\/revisions"}],"predecessor-version":[{"id":1990,"href":"https:\/\/www.minikulupcocukevi.com\/web\/wp-json\/wp\/v2\/posts\/1547\/revisions\/1990"}],"wp:featuredmedia":[{"embeddable":true,"href":"https:\/\/www.minikulupcocukevi.com\/web\/wp-json\/wp\/v2\/media\/1549"}],"wp:attachment":[{"href":"https:\/\/www.minikulupcocukevi.com\/web\/wp-json\/wp\/v2\/media?parent=1547"}],"wp:term":[{"taxonomy":"category","embeddable":true,"href":"https:\/\/www.minikulupcocukevi.com\/web\/wp-json\/wp\/v2\/categories?post=1547"},{"taxonomy":"post_tag","embeddable":true,"href":"https:\/\/www.minikulupcocukevi.com\/web\/wp-json\/wp\/v2\/tags?post=1547"}],"curies":[{"name":"wp","href":"https:\/\/api.w.org\/{rel}","templated":true}]}}