{"id":1693,"date":"2023-02-11T16:13:50","date_gmt":"2023-02-11T16:13:50","guid":{"rendered":"http:\/\/www.minikulupcocukevi.com\/Web\/?p=1693"},"modified":"2024-04-07T16:29:16","modified_gmt":"2024-04-07T16:29:16","slug":"deprem-ve-cocuk","status":"publish","type":"post","link":"https:\/\/www.minikulupcocukevi.com\/web\/deprem-ve-cocuk\/","title":{"rendered":"Deprem ve \u00c7ocuk"},"content":{"rendered":"\n<p>Do\u011fal afetler hem \u00e7ocuklar hem de yeti\u015fkinler \u00fczerinde psikolojik etkiler b\u0131rak\u0131r. Hem \u00e7ocuklar\u0131n hem yeti\u015fkinlerin psikolojik sa\u011flaml\u0131klar\u0131 i\u00e7in \u00f6zen g\u00f6sterilmesi gereken \u015feyler vard\u0131r.<\/p>\n\n\n\n<p>Her \u00e7ocuk aile bireylerinin normalden farkl\u0131 davrand\u0131klar\u0131n\u0131, fazla telefona, televizyona odakland\u0131klar\u0131n\u0131, \u00fcz\u00fcld\u00fcklerini, k\u0131zd\u0131klar\u0131n\u0131 g\u00f6zlemlerler. Hatta ebeveynler aras\u0131ndaki k\u0131s\u0131k sesli endi\u015feli konu\u015fmalara kulak misafiri olurlar. Bazen ise sald\u0131r\u0131lar\u0131n\u0131n videolar\u0131na, g\u00f6rsellerine ula\u015f\u0131rlar. Ya\u015flar\u0131na ve geli\u015fimlerine uygun bilgiye sahip olmak \u00e7ocuklar bir \u015feylerin yolunda olmad\u0131\u011f\u0131n\u0131 hissederler ve korkarlar. Ebeveyninden ihtiya\u00e7 duydu\u011funda do\u011frudan bilgi edinen \u00e7ocuk d\u0131\u015far\u0131dan gelen yanl\u0131\u015f bilgilerden daha az etkilenir.<\/p>\n\n\n\n<p>Bu konudaki uzman \u00f6nerilerimiz&nbsp;&nbsp;\u00e7ocuklar ve yeti\u015fkinler olmak \u00fczere iki ana ba\u015fl\u0131k alt\u0131nda toplanabilir.<\/p>\n\n\n<p><!-- \/wp:post-content --><\/p>\n<p><!-- wp:paragraph --><\/p>\n<p><strong>\u00c7ocuklar<\/strong><\/p>\n<p><!-- \/wp:paragraph --><\/p>\n<p><!-- wp:paragraph --><\/p>\n<p>&gt;&nbsp;\u00d6zellikle daha k\u00fc\u00e7\u00fck ya\u015f grubu \u00e7ok fazla soru sorabilir. Sorulara anlayabilece\u011fi kelimelerle ve sordu\u011fu kadar\u0131yla cevap verin.<\/p>\n<p><!-- \/wp:paragraph --><\/p>\n<p><!-- wp:paragraph --><\/p>\n<p>&gt;&nbsp;\u00c7ocuklar\u0131n yan\u0131nda deprem ve sonu\u00e7lar\u0131 ile ilgili olarak konu\u015fmay\u0131n. Medyadaki haber ve g\u00f6rsellere maruz b\u0131rakmay\u0131n.<\/p>\n<p><!-- \/wp:paragraph --><\/p>\n<p><!-- wp:paragraph --><\/p>\n<p>&gt;&nbsp;Kendilerini ve duygular\u0131n\u0131 ifade edebilecekleri bir ortam yarat\u0131n.<\/p>\n<p><!-- \/wp:paragraph --><\/p>\n<p><!-- wp:paragraph --><\/p>\n<p>&gt;&nbsp;Duygusal ve fiziksel temasa daha \u00e7ok ihtiya\u00e7 duyarlar. Bu d\u00f6nemde biraz daha fazla yak\u0131nl\u0131k g\u00f6sterin.<\/p>\n<p><!-- \/wp:paragraph --><\/p>\n<p><!-- wp:paragraph --><\/p>\n<p>&gt;&nbsp;Depremle ilgili ald\u0131\u011f\u0131n\u0131z \u00f6nlemleri (afet plan\u0131, deprem \u00e7antas\u0131 vb.), bir afet durumunda<\/p>\n<p><!-- \/wp:paragraph --><\/p>\n<p><!-- wp:paragraph --><\/p>\n<p>kendisinin yapmas\u0131 gerekenleri korku uyand\u0131rmayacak s\u00f6zc\u00fcklerle anlat\u0131n.<\/p>\n<p><!-- \/wp:paragraph --><\/p>\n<p><!-- wp:paragraph --><\/p>\n<p>&gt; E\u011fer ki; \u00e7ocuk bu i\u00e7eriklere bir \u015fekilde maruz kald\u0131ysa \u00f6ncelikle \u00e7ocu\u011fun hali haz\u0131rda sahip oldu\u011fu bilgiyi \u00f6\u011frenmekle ba\u015flanmal\u0131d\u0131r:<\/p>\n<p><!-- \/wp:paragraph --><\/p>\n<p><!-- wp:paragraph --><\/p>\n<p>\u201cD\u00fcn ak\u015fam biz televizyonda izlerken \/ bug\u00fcn arkada\u015flar\u0131nla \/ okulda d\u00fcn &#8230;&#8230;&#8230;&#8230;. \u00fcz\u00fcc\u00fc olay hakk\u0131nda neler bildi\u011fini \/ duydu\u011funu merak ediyorum.\u201d<\/p>\n<p><!-- \/wp:paragraph --><\/p>\n<p><!-- wp:paragraph --><\/p>\n<p>Ard\u0131ndan \u015f\u00f6yle devam edebilirsiniz.<\/p>\n<p><!-- \/wp:paragraph --><\/p>\n<p><!-- wp:paragraph --><\/p>\n<p>\u201c\u00dcz\u00fcc\u00fc bir olay ya\u015fand\u0131, baz\u0131 insanlar yaraland\u0131 ve doktorlar\u0131n iyile\u015ftirmesi i\u00e7in onlar\u0131 hastaneye g\u00f6t\u00fcrd\u00fcler.\u201d<\/p>\n<p><!-- \/wp:paragraph --><\/p>\n<p><!-- wp:paragraph --><\/p>\n<p>E\u011fer ki \u00e7ocuk sorarsa: \u201c\u00d6len oldu mu?\u201d &#8211; do\u011fru yan\u0131t vermek \u00f6nemli olacakt\u0131r. \u201cYaralanan ve iyile\u015fecek olanlar var ama maalesef \u00f6lenler de oldu.\u201d<\/p>\n<p><!-- \/wp:paragraph --><\/p>\n<p><!-- wp:paragraph --><\/p>\n<p><!-- \/wp:paragraph --><\/p>\n<p><strong>Yeti\u015fkinler<\/strong><\/p>\n<p><!-- \/wp:paragraph --><\/p>\n<p><!-- wp:paragraph --><\/p>\n<p>&gt;&nbsp;Medyadaki haber ve g\u00f6rselleri \u00e7ok fazla takip etmek, g\u00f6r\u00fcnt\u00fclere bakmak yeti\u015fkinlerde de travmatik etkilere sebep olabilir. Haberleri takip ederken \u00e7ok fazla maruz kalmamak \u00f6nemlidir.<\/p>\n<p><!-- \/wp:paragraph --><\/p>\n<p><!-- wp:paragraph --><\/p>\n<p>&gt;&nbsp;Deprem ma\u011fdurlar\u0131n\u0131n g\u00f6r\u00fcnt\u00fcleri \u00e7ok fazla payla\u015f\u0131labilir. Bu g\u00f6r\u00fcnt\u00fcler ma\u011fdurlar\u0131n mahremiyet hakk\u0131n\u0131 elinden alabilece\u011fi gibi yeti\u015fkinlerde de karamsarl\u0131k, umutsuzluk, d\u00fcrt\u00fcsel ve agresif davran\u0131\u015flara neden olabilir.<\/p>\n<p><!-- \/wp:paragraph --><\/p>\n<p><!-- wp:paragraph --><\/p>\n<p>Deprem bir do\u011fal afet olsa da ya\u015fanan s\u00fcre\u00e7 normal bir s\u00fcre\u00e7 de\u011fildir ya\u015fad\u0131\u011f\u0131n\u0131z\/ya\u015fayaca\u011f\u0131n\u0131z yo\u011fun duygular\u0131 kabul etmek ve iyile\u015fmek i\u00e7in kendinize zaman tan\u0131mak \u00f6nemlidir.<\/p>\n<p><!-- \/wp:paragraph --><\/p>\n<p><!-- \/wp:paragraph --><\/p>\n<!-- \/wp:paragraph -->\n<p style=\"text-align: center;\"><strong>Mini Kul\u00fcp \u00c7ocuk Evi Psikolojik Dan\u0131\u015fmanlar\u0131<\/strong>\n<!-- \/wp:paragraph -->","protected":false},"excerpt":{"rendered":"<p>Do\u011fal afetler hem \u00e7ocuklar hem de yeti\u015fkinler \u00fczerinde psikolojik etkiler b\u0131rak\u0131r. Hem \u00e7ocuklar\u0131n hem yeti\u015fkinlerin psikolojik sa\u011flaml\u0131klar\u0131 i\u00e7in \u00f6zen g\u00f6sterilmesi gereken \u015feyler vard\u0131r. Her \u00e7ocuk aile bireylerinin normalden farkl\u0131 davrand\u0131klar\u0131n\u0131, fazla telefona, televizyona odakland\u0131klar\u0131n\u0131, \u00fcz\u00fcld\u00fcklerini, k\u0131zd\u0131klar\u0131n\u0131 g\u00f6zlemlerler. Hatta ebeveynler aras\u0131ndaki k\u0131s\u0131k sesli endi\u015feli konu\u015fmalara kulak misafiri olurlar. Bazen ise sald\u0131r\u0131lar\u0131n\u0131n videolar\u0131na, g\u00f6rsellerine ula\u015f\u0131rlar. Ya\u015flar\u0131na ve<\/p>\n<div class=\"klb-readmore\"><a href=\"https:\/\/www.minikulupcocukevi.com\/web\/deprem-ve-cocuk\/\" class=\"btn btn-primary\">READ MORE<\/a><\/div>\n","protected":false},"author":1,"featured_media":1695,"comment_status":"closed","ping_status":"closed","sticky":false,"template":"","format":"standard","meta":{"footnotes":""},"categories":[1],"tags":[],"class_list":["post-1693","post","type-post","status-publish","format-standard","has-post-thumbnail","hentry","category-psikolojik-yazilar","col-lg-12 mb-5"],"_links":{"self":[{"href":"https:\/\/www.minikulupcocukevi.com\/web\/wp-json\/wp\/v2\/posts\/1693","targetHints":{"allow":["GET"]}}],"collection":[{"href":"https:\/\/www.minikulupcocukevi.com\/web\/wp-json\/wp\/v2\/posts"}],"about":[{"href":"https:\/\/www.minikulupcocukevi.com\/web\/wp-json\/wp\/v2\/types\/post"}],"author":[{"embeddable":true,"href":"https:\/\/www.minikulupcocukevi.com\/web\/wp-json\/wp\/v2\/users\/1"}],"replies":[{"embeddable":true,"href":"https:\/\/www.minikulupcocukevi.com\/web\/wp-json\/wp\/v2\/comments?post=1693"}],"version-history":[{"count":2,"href":"https:\/\/www.minikulupcocukevi.com\/web\/wp-json\/wp\/v2\/posts\/1693\/revisions"}],"predecessor-version":[{"id":1986,"href":"https:\/\/www.minikulupcocukevi.com\/web\/wp-json\/wp\/v2\/posts\/1693\/revisions\/1986"}],"wp:featuredmedia":[{"embeddable":true,"href":"https:\/\/www.minikulupcocukevi.com\/web\/wp-json\/wp\/v2\/media\/1695"}],"wp:attachment":[{"href":"https:\/\/www.minikulupcocukevi.com\/web\/wp-json\/wp\/v2\/media?parent=1693"}],"wp:term":[{"taxonomy":"category","embeddable":true,"href":"https:\/\/www.minikulupcocukevi.com\/web\/wp-json\/wp\/v2\/categories?post=1693"},{"taxonomy":"post_tag","embeddable":true,"href":"https:\/\/www.minikulupcocukevi.com\/web\/wp-json\/wp\/v2\/tags?post=1693"}],"curies":[{"name":"wp","href":"https:\/\/api.w.org\/{rel}","templated":true}]}}