{"id":2045,"date":"2024-09-02T07:54:54","date_gmt":"2024-09-02T07:54:54","guid":{"rendered":"https:\/\/www.minikulupcocukevi.com\/web\/?p=2045"},"modified":"2024-09-02T07:54:55","modified_gmt":"2024-09-02T07:54:55","slug":"okula-baslama-sureci-ve-oryantasyon","status":"publish","type":"post","link":"https:\/\/www.minikulupcocukevi.com\/web\/okula-baslama-sureci-ve-oryantasyon\/","title":{"rendered":"Okula Ba\u015flama S\u00fcreci ve Oryantasyon\u00a0"},"content":{"rendered":"\u00c7ocuklar\u0131n ya\u015fam\u0131ndaki en \u00f6nemli d\u00f6n\u00fcm noktalar\u0131ndan biri okula ba\u015flamakt\u0131r ve bu durum hem \u00e7ocuklar hem de ebeveynler i\u00e7in b\u00fcy\u00fck bir yeniliktir. Okula ba\u015flamak dedi\u011fimiz olgu; \u201cev\u201d den ayr\u0131 bir yerde ba\u015fka yeti\u015fkinlere g\u00fcven duymay\u0131 ve ili\u015fki kurmay\u0131 gerektirir. Al\u0131\u015fkanl\u0131klardan ve bilinen ev ko\u015fullar\u0131ndan ayr\u0131lmak kolay de\u011fildir. Okulun sundu\u011fu renkli ve cazip d\u00fcnya ba\u015flang\u0131\u00e7ta cezbedici olsa da en nihayetinde \u00e7ocuklar\u0131n olmak istedi\u011fi yer, de\u011fi\u015fmeyen d\u00fczeninin oldu\u011fu evdir.\n\nOkul s\u00fcreci, yeni ba\u015flayan bir \u00e7ocuk i\u00e7in belli bir zaman ge\u00e7meden ve rutin olmadan \u00f6nce belirsizdir. Zira \u00e7ocuklar, a\u015fina olduklar\u0131na ve rutinlerine sand\u0131\u011f\u0131m\u0131zdan daha \u00e7ok ba\u011fl\u0131d\u0131rlar. Bunlar da, onlara g\u00fcvende olma hissini hat\u0131rlat\u0131r. Ayn\u0131 zamanda okula ba\u015flama s\u00fcreci bir ayr\u0131l\u0131kt\u0131r, do\u011fdu\u011fu g\u00fcnden itibaren belirli mekanlara ebeveyn ya da birincil bak\u0131m veren e\u015fli\u011finde sosyal d\u00fcnyaya kat\u0131l\u0131m g\u00f6steren \u00e7ocu\u011fun art\u0131k ba\u011flanma fig\u00fcr\u00fcnden ayr\u0131 olaca\u011f\u0131 d\u00f6nemin ba\u015flang\u0131c\u0131d\u0131r. \u00c7ocuklar\u0131n kendini g\u00fcvende hissetmesi, duygusal ve fiziksel ihtiya\u00e7lar\u0131n\u0131n kar\u015f\u0131lanaca\u011f\u0131 fark etmesi, okuldaki g\u00fcvenli ortam\u0131n ard\u0131ndan okul \u00f6ncesi ve sonras\u0131 rutinlerle ailesine geri d\u00f6nece\u011fini bilmesi bu s\u00fcreci en rahatlatan fakt\u00f6rlerdendir.\nT\u00fcm bu sorulara bir bir cevap bulmaya ba\u015flad\u0131\u011f\u0131 andan itibaren \u00e7ocuk, okulla bir ba\u011f kurmaya ba\u015flar.\n\nOryantasyon s\u00fcrecindeki baz\u0131 \u00f6nemli ba\u015fl\u0131klara bakacak olursak;\n\n<strong>\u2022 Ebeveynlerin kendi duygular\u0131n\u0131 d\u00fczenleme becerileri s\u00fcreci nas\u0131l etkiliyor?<\/strong>\n\u00c7ocuklar etraf\u0131ndaki yeti\u015fkinleri pusula sayar, onlar\u0131n kayg\u0131 d\u00fczeyleri belirleyicidir. Bu y\u00fczden de s\u00fcrecin \u00e7ok y\u00fcksek bir oran\u0131n\u0131 ebeveynlerin reg\u00fclasyon becerileri etkiler. E\u011fer ebeveynler kayg\u0131larla okulun kap\u0131s\u0131nda duruyorsa, \u00e7ocuklar da ebeveynlerden farkl\u0131 olmazlar. Duygular her ne kadar g\u00f6r\u00fcnmez olsalar da birbirimizi duygular\u0131m\u0131zla etkileriz. Davran\u0131\u015fa ya da s\u00f6ze d\u00f6k\u00fclmeseler bile orada ve g\u00f6r\u00fcn\u00fcrlerdir. Onlara fark ettirmedi\u011fimizi zannetti\u011fimiz her duygumuzu, onlar fark eder. G\u00fcven duydu\u011funuz biri ile karanl\u0131k bir sokakta onun bildi\u011fi bir yere do\u011fru yol ald\u0131\u011f\u0131n\u0131z\u0131 d\u00fc\u015f\u00fcn\u00fcn. Sizi o yere vard\u0131raca\u011f\u0131na eminseniz tela\u015f\u0131n\u0131z ya da endi\u015feniz olmaz. Ancak o g\u00fcvendi\u011finiz ki\u015fiyi birden kayg\u0131l\u0131 ve ne yapaca\u011f\u0131n\u0131 bilmez halde bulursan\u0131z siz ondan daha fazla kayg\u0131lan\u0131r hatta deh\u015fete d\u00fc\u015fersiniz.\n\n<strong>\u2022 Evden okula ge\u00e7i\u015fte \u00e7ocuklar\u0131n rutininde ne gibi de\u011fi\u015fiklikler yap\u0131labilir?<\/strong>\n\u00c7ocuklar bir okula ba\u015flamadan \u00f6nce ev ortam\u0131nda g\u00fcvenli ve okul d\u00fczenine oranla esnek bir yap\u0131 i\u00e7erisinde olduklar\u0131ndan genellikle okulun belli bir d\u00fczen i\u00e7erisinde olma halinden ho\u015flanmazlar. \u00d6rne\u011fin; oyun esnas\u0131nda gezerek ve belirsiz saatlerde yemek yedirilen bir \u00e7ocu\u011fun okulda belli bir s\u00fcre i\u00e7inde ve belli bir yerde yemek bitimine kadar oturmas\u0131n\u0131n gereklili\u011fi bile, evi okula tercih etmesine sebep olabilir. Bu sebeplerle evden okula ge\u00e7i\u015fte; ev i\u00e7i d\u00fczenlemeler, sa\u011fl\u0131kl\u0131 s\u0131n\u0131rlar ve rutinler konular\u0131na odaklanmak gereklidir. Yat\u0131\u015f saatinin belirli bir d\u00fczen i\u00e7inde olmas\u0131, yemek saati, aile ile ge\u00e7irilen vakitlerin kalitesi gibi detaylar, \u00e7ocu\u011fun okula uyumunu ve sa\u011fl\u0131kl\u0131 devaml\u0131l\u0131\u011f\u0131 konusunda pozitif y\u00f6nde etki sa\u011flar.\nDi\u011fer yandan okulda ge\u00e7irdi\u011fi vakitler d\u0131\u015f\u0131nda ebeveynleri ile ge\u00e7irdi\u011fi zamanlarda doyum sa\u011flam\u0131yorsa, uyku ve beslenme kalitesi d\u00fc\u015f\u00fckse do\u011fal olarak adaptasyon s\u00fcreci de olumsuz etkilenebilir.\n\n<strong>\u2022 \u00c7ocu\u011fun hayat\u0131ndaki \u00f6nemli de\u011fi\u015fimler esnas\u0131nda okul ge\u00e7i\u015finin planlanmas\u0131 nas\u0131l olmal\u0131d\u0131r?<\/strong>\nGenellikle karde\u015f do\u011fumu, bo\u015fanma, ta\u015f\u0131nma gibi \u00f6nemli hayat de\u011fi\u015fiklikleri esnas\u0131nda okula ge\u00e7i\u015f s\u00fcreci gibi bir deneyimi ayn\u0131 zamana denk getirmeme \u00f6nerilir. Bunlara ek olarak emzik b\u0131rakma, meme b\u0131rakma, yatak ay\u0131rma, oda ay\u0131rma, bez b\u0131rakma gibi ayr\u0131\u015fma ile ilgili olan s\u00fcre\u00e7leri de ekleyebiliriz. Ancak her zaman hayat planlad\u0131\u011f\u0131m\u0131z gibi gitmeyebilir bazen bu olaylar \u00fcst \u00fcste gelebilir. \u00c7ocuklar\u0131n bu olaylardan etkilenme d\u00fczeyi; \u00e7ocu\u011fun mizac\u0131n\u0131n, psikolojik sa\u011flaml\u0131\u011f\u0131n\u0131n ve ayn\u0131 zamanda ebeveynler taraf\u0131ndan olaylar\u0131n kar\u015f\u0131lan\u0131\u015f \u015fekline g\u00f6re de\u011fi\u015fiklik g\u00f6sterebilir. Bu hayat de\u011fi\u015fiklikleri kar\u015f\u0131s\u0131nda ailenin tutumu \u00e7ocu\u011fun tutumunda belirleyici olur. \u00d6nemli olan, ebeveynlerin ya\u015fanan bu s\u00fcre\u00e7lerde fark\u0131nda bir \u015fekilde ve gerekli hallerde uzman deste\u011fi ile ilerlemesi olacakt\u0131r.\n\nSa\u011fl\u0131kl\u0131 bir oryantasyonda; ana hedef \u00e7ocu\u011fun kendini terk edilmi\u015f hissetmeden okula g\u00fcven duymas\u0131 ve \u00f6\u011fretmenleri ile g\u00fcvenli ili\u015fki kurmas\u0131d\u0131r. Ba\u011flanma temelli yakla\u015f\u0131ma g\u00f6re de; bu ama\u00e7la yava\u015f ve sakinlikle a\u015famaland\u0131r\u0131lm\u0131\u015f bir s\u00fcre\u00e7 ge\u00e7irmek do\u011fru olan yoldur. Bu yeni s\u00fcre\u00e7 \u00e7ocuktan \u00e7ocu\u011fa de\u011fi\u015ferek ya\u015fan\u0131r. Burada da \u00e7ocuklar\u0131n mizac\u0131 ve bireysel \u00f6zellikleri devreye girer. Baz\u0131 \u00e7ocuklar daha h\u0131zl\u0131 uyum sa\u011flarken, baz\u0131 \u00e7ocuklar daha yava\u015f uyum sa\u011flarlar.\n\u00c7ocuklar\u0131n sorular\u0131n\u0131 cevaplamak, duygular\u0131n\u0131 d\u0131\u015far\u0131 vurduklar\u0131nda orada olmak b\u00fcy\u00fck bir sab\u0131r gerektirir. Hatta; oryantasyon s\u00fcreci bazen iki ileri bir geridir. Tam her \u015fey yolunda, al\u0131\u015ft\u0131 denirken beklenmedik tepkilerle kar\u015f\u0131la\u015f\u0131labilinir. T\u00fcm bu s\u00fcre\u00e7 boyunca \u00e7ocu\u011fun ihtiyac\u0131 olan, yan\u0131nda elini tutan bir yeti\u015fkindir.\n\n\n<p style=\"text-align: center;\"><strong>Mini Kul\u00fcp \u00c7ocuk Evi Psikolojik Dan\u0131\u015fmanlar\u0131<\/strong>\n<!-- \/wp:post-content --><!-- \/wp:freeform -->","protected":false},"excerpt":{"rendered":"<p>\u00c7ocuklar\u0131n ya\u015fam\u0131ndaki en \u00f6nemli d\u00f6n\u00fcm noktalar\u0131ndan biri okula ba\u015flamakt\u0131r ve bu durum hem \u00e7ocuklar hem de ebeveynler i\u00e7in b\u00fcy\u00fck bir yeniliktir. Okula ba\u015flamak dedi\u011fimiz olgu; \u201cev\u201d den ayr\u0131 bir yerde ba\u015fka yeti\u015fkinlere g\u00fcven duymay\u0131 ve ili\u015fki kurmay\u0131 gerektirir. Al\u0131\u015fkanl\u0131klardan ve bilinen ev ko\u015fullar\u0131ndan ayr\u0131lmak kolay de\u011fildir. Okulun sundu\u011fu renkli ve cazip d\u00fcnya ba\u015flang\u0131\u00e7ta cezbedici olsa<\/p>\n<div class=\"klb-readmore\"><a href=\"https:\/\/www.minikulupcocukevi.com\/web\/okula-baslama-sureci-ve-oryantasyon\/\" class=\"btn btn-primary\">READ MORE<\/a><\/div>\n","protected":false},"author":1,"featured_media":2046,"comment_status":"closed","ping_status":"closed","sticky":false,"template":"","format":"standard","meta":{"footnotes":""},"categories":[1],"tags":[],"class_list":["post-2045","post","type-post","status-publish","format-standard","has-post-thumbnail","hentry","category-psikolojik-yazilar","col-lg-12 mb-5"],"_links":{"self":[{"href":"https:\/\/www.minikulupcocukevi.com\/web\/wp-json\/wp\/v2\/posts\/2045","targetHints":{"allow":["GET"]}}],"collection":[{"href":"https:\/\/www.minikulupcocukevi.com\/web\/wp-json\/wp\/v2\/posts"}],"about":[{"href":"https:\/\/www.minikulupcocukevi.com\/web\/wp-json\/wp\/v2\/types\/post"}],"author":[{"embeddable":true,"href":"https:\/\/www.minikulupcocukevi.com\/web\/wp-json\/wp\/v2\/users\/1"}],"replies":[{"embeddable":true,"href":"https:\/\/www.minikulupcocukevi.com\/web\/wp-json\/wp\/v2\/comments?post=2045"}],"version-history":[{"count":1,"href":"https:\/\/www.minikulupcocukevi.com\/web\/wp-json\/wp\/v2\/posts\/2045\/revisions"}],"predecessor-version":[{"id":2047,"href":"https:\/\/www.minikulupcocukevi.com\/web\/wp-json\/wp\/v2\/posts\/2045\/revisions\/2047"}],"wp:featuredmedia":[{"embeddable":true,"href":"https:\/\/www.minikulupcocukevi.com\/web\/wp-json\/wp\/v2\/media\/2046"}],"wp:attachment":[{"href":"https:\/\/www.minikulupcocukevi.com\/web\/wp-json\/wp\/v2\/media?parent=2045"}],"wp:term":[{"taxonomy":"category","embeddable":true,"href":"https:\/\/www.minikulupcocukevi.com\/web\/wp-json\/wp\/v2\/categories?post=2045"},{"taxonomy":"post_tag","embeddable":true,"href":"https:\/\/www.minikulupcocukevi.com\/web\/wp-json\/wp\/v2\/tags?post=2045"}],"curies":[{"name":"wp","href":"https:\/\/api.w.org\/{rel}","templated":true}]}}