{"id":2134,"date":"2025-01-22T12:25:00","date_gmt":"2025-01-22T12:25:00","guid":{"rendered":"https:\/\/www.minikulupcocukevi.com\/web\/?p=2134"},"modified":"2025-01-22T12:25:01","modified_gmt":"2025-01-22T12:25:01","slug":"cocuklarda-beden-farkindaligi","status":"publish","type":"post","link":"https:\/\/www.minikulupcocukevi.com\/web\/cocuklarda-beden-farkindaligi\/","title":{"rendered":"\u00c7ocuklarda Beden Fark\u0131ndal\u0131\u011f\u0131"},"content":{"rendered":"\n<p>\u00c7ocuklarda beden fark\u0131ndal\u0131\u011f\u0131, hem fiziksel hem de duygusal geli\u015fimin temel ta\u015flar\u0131ndan biridir. \u00c7ocu\u011fun bedenini tan\u0131mas\u0131, s\u0131n\u0131rlar\u0131n\u0131 anlamas\u0131 ve fiziksel deneyimlerle bu s\u0131n\u0131rlar\u0131 ke\u015ffetmesi, sa\u011fl\u0131kl\u0131 bir \u00f6zsayg\u0131 ve \u00f6zfark\u0131ndal\u0131k geli\u015ftirmesine olanak tan\u0131r. Bu fark\u0131ndal\u0131k, yaln\u0131zca bedenin i\u015fleyi\u015fini anlamakla s\u0131n\u0131rl\u0131 de\u011fildir; ayn\u0131 zamanda duygularla bedensel tepkiler aras\u0131ndaki ili\u015fkiyi ke\u015ffetme ve bu ili\u015fkiden \u00f6\u011frenme s\u00fcrecidir. \u00c7ocuklar\u0131n erken ya\u015flarda bedenlerini tan\u0131malar\u0131 ve bu fark\u0131ndal\u0131kla hareket etmeleri, ya\u015fam boyu g\u00fcvenli bir kendilik alg\u0131s\u0131n\u0131n temelini olu\u015fturur.<\/p>\n\n\n\n<p>Beden fark\u0131ndal\u0131\u011f\u0131, \u00e7ocuklar\u0131n hem bireysel hem de sosyal alanlarda kendilerini daha rahat ifade etmelerine yard\u0131mc\u0131 olur. \u00d6rne\u011fin, \u00e7ocuklar\u0131n hangi durumlarda kendilerini rahats\u0131z hissettiklerini ya da hangi dokunu\u015flar\u0131n kendileri i\u00e7in uygun olmad\u0131\u011f\u0131n\u0131 ifade edebilmeleri, s\u0131n\u0131r kavram\u0131n\u0131 anlamalar\u0131yla m\u00fcmk\u00fcnd\u00fcr. Bu s\u00fcre\u00e7te \u00e7ocuklar\u0131n kendi bedenlerinden haberdar olmalar\u0131, duygusal dayan\u0131kl\u0131l\u0131klar\u0131n\u0131 art\u0131r\u0131r ve \u00f6zsayg\u0131lar\u0131n\u0131n g\u00fc\u00e7lenmesine katk\u0131 sa\u011flar. \u00c7ocu\u011fun bedenini anlamas\u0131, ayn\u0131 zamanda ba\u015fkalar\u0131n\u0131n bedenine sayg\u0131 duyma becerisini de beraberinde getirir; b\u00f6ylece sa\u011fl\u0131kl\u0131 sosyal ili\u015fkilerin temeli at\u0131lm\u0131\u015f olur.<\/p>\n\n\n\n<p>Bu geli\u015fim s\u00fcrecinde duyusal oyun gruplar\u0131n\u0131n rol\u00fc b\u00fcy\u00fckt\u00fcr. Duyusal oyunlar, \u00e7ocuklar\u0131n dokunma, g\u00f6rme, i\u015fitme, tat alma ve koklama gibi temel duyular\u0131n\u0131 aktif bir \u015fekilde kullanmalar\u0131n\u0131 te\u015fvik eder. Bu t\u00fcr oyunlar s\u0131ras\u0131nda \u00e7ocuklar farkl\u0131 y\u00fczeylerle temas eder, hareket ve dokunma yoluyla bedenlerinin s\u0131n\u0131rlar\u0131n\u0131 ve duyusal kapasitelerini ke\u015ffeder. \u00d6rne\u011fin, kum havuzunda ellerini hareket ettirmek ya da oyun hamuruyla \u015fekiller yapmak, \u00e7ocuklar\u0131n sadece motor becerilerini geli\u015ftirmekle kalmaz, ayn\u0131 zamanda bedensel fark\u0131ndal\u0131klar\u0131n\u0131 art\u0131r\u0131r. Farkl\u0131 dokulardaki malzemelerle yap\u0131lan deneyler ise \u00e7ocuklara &#8220;Benim bedenim bu uyarana nas\u0131l tepki veriyor?&#8221; sorusunun cevab\u0131n\u0131 ke\u015ffetme imkan\u0131 tan\u0131r. Duyusal oyunlar ayn\u0131 zamanda kayg\u0131y\u0131 azalt\u0131r, rahatlama sa\u011flar ve \u00e7ocu\u011fun stresle ba\u015f etme becerisini art\u0131r\u0131r.<\/p>\n\n\n\n<p>Grup i\u00e7inde oynanan duyusal oyunlar\u0131n bir di\u011fer \u00f6nemli faydas\u0131, sosyal ba\u011flar\u0131 g\u00fc\u00e7lendirmesidir. \u00c7ocuklar bu oyunlar s\u0131ras\u0131nda ba\u015fkalar\u0131yla birlikte \u00e7al\u0131\u015fmay\u0131 \u00f6\u011frenir ve kendi bedenleri ile di\u011fer \u00e7ocuklar\u0131n bedenleri aras\u0131ndaki mesafeyi anlama prati\u011fi yapar. Bu deneyim, sosyal ili\u015fkilerde gerekli olan fiziksel s\u0131n\u0131rlar\u0131 kavramalar\u0131 a\u00e7\u0131s\u0131ndan \u00e7ok de\u011ferlidir. \u00d6rne\u011fin, bir grup oyununda bir \u00e7ocu\u011fun ba\u015fka bir \u00e7ocu\u011fun alan\u0131na nas\u0131l girdi\u011fini ya da bu s\u0131n\u0131rlar\u0131n nas\u0131l ileti\u015fimle d\u00fczenlenebilece\u011fini \u00f6\u011frenmesi, gelecekteki sosyal becerilerinin temelini olu\u015fturur.<\/p>\n\n\n\n<p>Yap\u0131 Kredi Yay\u0131nlar\u0131\u2019n\u0131n <em>Psikanaliz Defterleri<\/em> serisinden <em>\u00c7ocuk, Ergen ve Bedeni<\/em> kitab\u0131nda, \u201cBeden, \u00e7ocu\u011fun i\u00e7 d\u00fcnyas\u0131n\u0131 ifade etti\u011fi ve d\u0131\u015f d\u00fcnyay\u0131 alg\u0131lad\u0131\u011f\u0131 bir ara\u00e7t\u0131r\u201d ifadesiyle, beden fark\u0131ndal\u0131\u011f\u0131n\u0131n sadece fiziksel bir s\u00fcre\u00e7 olmad\u0131\u011f\u0131n\u0131n alt\u0131 \u00e7izilir. Bu ifade, \u00e7ocu\u011fun bedeniyle olan ili\u015fkisinin onun duygusal d\u00fcnyas\u0131yla nas\u0131l i\u00e7 i\u00e7e ge\u00e7ti\u011fini g\u00f6sterir. \u00d6rne\u011fin, bir \u00e7ocuk \u00fcz\u00fcnt\u00fc ya da korku gibi duygular ya\u015fad\u0131\u011f\u0131nda bu duygular genellikle bedeninde bir yank\u0131 bulur; karn\u0131nda bir a\u011fr\u0131, ellerinde bir terleme ya da kalp at\u0131\u015f\u0131nda bir h\u0131zlanma \u015feklinde kendini g\u00f6sterir. Beden fark\u0131ndal\u0131\u011f\u0131 geli\u015fmi\u015f bir \u00e7ocuk, bu tepkileri tan\u0131mlayarak duygular\u0131n\u0131 daha kolay ifade edebilir. Bu ba\u011flamda, ebeveynlerin ve e\u011fitmenlerin \u00e7ocuklar\u0131n beden fark\u0131ndal\u0131klar\u0131n\u0131 desteklemesi b\u00fcy\u00fck \u00f6nem ta\u015f\u0131r. \u00c7ocu\u011fa olumlu bir beden diliyle yakla\u015fmak, ona bedenine dair olumlu bir alg\u0131 kazand\u0131r\u0131r ve kendisiyle bar\u0131\u015f\u0131k bir birey olma yolunda \u00f6nemli bir ad\u0131m atmas\u0131n\u0131 sa\u011flar.<\/p>\n\n\n\n<p>Beden fark\u0131ndal\u0131\u011f\u0131n\u0131n bir di\u011fer kritik noktas\u0131, \u00e7ocuklar\u0131n \u201chay\u0131r\u201d deme becerisi kazanmas\u0131d\u0131r. \u00d6zellikle fiziksel temas konusunda beden s\u0131n\u0131rlar\u0131n\u0131 tan\u0131m\u0131\u015f bir \u00e7ocuk, kendisi i\u00e7in uygun olmayan bir temas kar\u015f\u0131s\u0131nda \u201cBu benim i\u00e7in iyi de\u011fil\u201d deme cesaretine sahip olabilir. Bu durum, \u00e7ocuklar\u0131n hem bireysel g\u00fcvenliklerini sa\u011flamalar\u0131n\u0131 hem de \u00f6zsayg\u0131lar\u0131n\u0131 korumalar\u0131n\u0131 destekler. Ayn\u0131 zamanda, beden fark\u0131ndal\u0131\u011f\u0131 olan bir \u00e7ocuk ba\u015fkalar\u0131n\u0131n s\u0131n\u0131rlar\u0131na da sayg\u0131 g\u00f6stermeyi \u00f6\u011frenir, bu da sosyal hayat\u0131nda daha sa\u011fl\u0131kl\u0131 ili\u015fkiler kurmas\u0131na zemin haz\u0131rlar. Sonu\u00e7 olarak, \u00e7ocuklar\u0131n beden fark\u0131ndal\u0131\u011f\u0131 kazanmas\u0131, onlar\u0131n fiziksel, duygusal ve sosyal geli\u015fimlerini destekleyen hayati bir s\u00fcre\u00e7tir. Bu s\u00fcre\u00e7te duyusal oyunlar, sadece bir e\u011flence arac\u0131 de\u011fil, ayn\u0131 zamanda \u00f6\u011frenme ve fark\u0131ndal\u0131k geli\u015ftirme platformudur. \u00c7ocuklar\u0131n bedenlerini tan\u0131mas\u0131 ve bu fark\u0131ndal\u0131kla hareket etmesi, onlar\u0131 ileriki ya\u015famlar\u0131nda g\u00fc\u00e7l\u00fc, sa\u011fl\u0131kl\u0131 ve kendisiyle bar\u0131\u015f\u0131k bireyler olmaya haz\u0131rlar. Bu nedenle, ebeveynler ve e\u011fitmenler olarak \u00e7ocuklar\u0131n beden fark\u0131ndal\u0131\u011f\u0131n\u0131 destekleyecek ortamlar yaratmak, onlar\u0131n gelece\u011fi i\u00e7in en de\u011ferli ad\u0131mlardan biridir.<\/p>\n\n<p style=\"text-align: center;\"><strong>Mini Kul\u00fcp \u00c7ocuk Evi Psikolojik Dan\u0131\u015fmanlar\u0131<\/strong>\n<!-- \/wp:post-content -->","protected":false},"excerpt":{"rendered":"<p>\u00c7ocuklarda beden fark\u0131ndal\u0131\u011f\u0131, hem fiziksel hem de duygusal geli\u015fimin temel ta\u015flar\u0131ndan biridir. \u00c7ocu\u011fun bedenini tan\u0131mas\u0131, s\u0131n\u0131rlar\u0131n\u0131 anlamas\u0131 ve fiziksel deneyimlerle bu s\u0131n\u0131rlar\u0131 ke\u015ffetmesi, sa\u011fl\u0131kl\u0131 bir \u00f6zsayg\u0131 ve \u00f6zfark\u0131ndal\u0131k geli\u015ftirmesine olanak tan\u0131r. Bu fark\u0131ndal\u0131k, yaln\u0131zca bedenin i\u015fleyi\u015fini anlamakla s\u0131n\u0131rl\u0131 de\u011fildir; ayn\u0131 zamanda duygularla bedensel tepkiler aras\u0131ndaki ili\u015fkiyi ke\u015ffetme ve bu ili\u015fkiden \u00f6\u011frenme s\u00fcrecidir. \u00c7ocuklar\u0131n erken ya\u015flarda<\/p>\n<div class=\"klb-readmore\"><a href=\"https:\/\/www.minikulupcocukevi.com\/web\/cocuklarda-beden-farkindaligi\/\" class=\"btn btn-primary\">READ MORE<\/a><\/div>\n","protected":false},"author":1,"featured_media":2133,"comment_status":"closed","ping_status":"closed","sticky":false,"template":"","format":"standard","meta":{"footnotes":""},"categories":[1],"tags":[],"class_list":["post-2134","post","type-post","status-publish","format-standard","has-post-thumbnail","hentry","category-psikolojik-yazilar","col-lg-12 mb-5"],"_links":{"self":[{"href":"https:\/\/www.minikulupcocukevi.com\/web\/wp-json\/wp\/v2\/posts\/2134","targetHints":{"allow":["GET"]}}],"collection":[{"href":"https:\/\/www.minikulupcocukevi.com\/web\/wp-json\/wp\/v2\/posts"}],"about":[{"href":"https:\/\/www.minikulupcocukevi.com\/web\/wp-json\/wp\/v2\/types\/post"}],"author":[{"embeddable":true,"href":"https:\/\/www.minikulupcocukevi.com\/web\/wp-json\/wp\/v2\/users\/1"}],"replies":[{"embeddable":true,"href":"https:\/\/www.minikulupcocukevi.com\/web\/wp-json\/wp\/v2\/comments?post=2134"}],"version-history":[{"count":1,"href":"https:\/\/www.minikulupcocukevi.com\/web\/wp-json\/wp\/v2\/posts\/2134\/revisions"}],"predecessor-version":[{"id":2135,"href":"https:\/\/www.minikulupcocukevi.com\/web\/wp-json\/wp\/v2\/posts\/2134\/revisions\/2135"}],"wp:featuredmedia":[{"embeddable":true,"href":"https:\/\/www.minikulupcocukevi.com\/web\/wp-json\/wp\/v2\/media\/2133"}],"wp:attachment":[{"href":"https:\/\/www.minikulupcocukevi.com\/web\/wp-json\/wp\/v2\/media?parent=2134"}],"wp:term":[{"taxonomy":"category","embeddable":true,"href":"https:\/\/www.minikulupcocukevi.com\/web\/wp-json\/wp\/v2\/categories?post=2134"},{"taxonomy":"post_tag","embeddable":true,"href":"https:\/\/www.minikulupcocukevi.com\/web\/wp-json\/wp\/v2\/tags?post=2134"}],"curies":[{"name":"wp","href":"https:\/\/api.w.org\/{rel}","templated":true}]}}