{"id":2181,"date":"2025-03-26T08:14:59","date_gmt":"2025-03-26T08:14:59","guid":{"rendered":"https:\/\/www.minikulupcocukevi.com\/web\/?p=2181"},"modified":"2025-07-28T07:18:05","modified_gmt":"2025-07-28T07:18:05","slug":"cocuklar-ve-toplumsal-olaylar","status":"publish","type":"post","link":"https:\/\/www.minikulupcocukevi.com\/web\/cocuklar-ve-toplumsal-olaylar\/","title":{"rendered":"\u00c7ocuklar ve Toplumsal Olaylar"},"content":{"rendered":"\u00c7ocuklara toplumsal olaylar\u0131 anlat\u0131rken ya\u015flar\u0131na, duygusal hassasiyetlerine ve anlay\u0131\u015f seviyelerine\nuygun bir dil kullanmak \u00f6nemlidir. Ayr\u0131ca, onlar\u0131n kayg\u0131lar\u0131n\u0131 art\u0131rmadan, g\u00fcven duygular\u0131n\u0131\nzedelemeden a\u00e7\u0131klamalar yapmak gerekir.\n\n<strong>1. \u00c7ocu\u011fun Ya\u015f\u0131na ve Anlay\u0131\u015f Seviyesine Uygun A\u00e7\u0131klamalar Yap\u0131lmal\u0131d\u0131r.<\/strong>\n3-6 ya\u015f i\u00e7in basit ve genel ifadeler kullanabilirsiniz, \u201cBazen insanlar, kendilerini rahats\u0131z eden bir\ndurumu anlatmak i\u00e7in bir araya gelir ve seslerini duyurmak isterler.\u201d 7-12 ya\u015f i\u00e7in daha detayl\u0131\na\u00e7\u0131klamalar yap\u0131labilirsiniz, \u201cBaz\u0131 insanlar, y\u00f6neticilere ya da toplumdaki di\u011fer insanlara bir konuda\nrahats\u0131z olduklar\u0131n\u0131 g\u00f6stermek i\u00e7in bir araya gelip y\u00fcr\u00fcy\u00fc\u015f yapabilirler. Bunu yaparken bazen\ntart\u0131\u015fmalar olabilir. Buradaki ama\u00e7, herkesin daha iyi ya\u015famas\u0131n\u0131 sa\u011flamakt\u0131r.\u201d\n\n<strong>2. Korku ve Kayg\u0131y\u0131 Art\u0131rmadan Anlat\u0131lmal\u0131d\u0131r.<\/strong>\n\u00c7ocuklar i\u00e7in d\u00fcnya zaten b\u00fcy\u00fck ve bilinmezlerle dolu. Onlara olaylar\u0131 anlat\u0131rken korkutucu\ndetaylara girmemek gerekir. \u00d6rne\u011fin, \u201cSokaklarda tehlikeli olaylar oluyor\u201d gibi ifadeler yerine, \u201cBazen\ninsanlar seslerini duyurmak i\u00e7in bir araya gelir ama bu bazen gerginlik yaratabilir\u201d demek daha\nuygun olur.\n\n<strong>3. G\u00fcvenlik Hissi Verilmelidir.<\/strong>\n\u00c7ocuklar g\u00fcvende olduklar\u0131n\u0131 bilmeye ihtiya\u00e7 duyarlar. \u201cBiz \u015fu anda g\u00fcvendeyiz, senin i\u00e7in\nendi\u015felenecek bir durum yok.\u201d gibi ifadelerle onlar\u0131n kayg\u0131lar\u0131n\u0131 azaltabilirsiniz. E\u011fer sokakta olaylar\nvarsa, \u201cB\u00f6yle durumlarda evde kalmak daha iyi olur. Polis ve yetkililer d\u00fczeni sa\u011flamak i\u00e7in \u00e7al\u0131\u015f\u0131yor.\u201d\ndiyerek kontrol alt\u0131nda oldu\u011funu hissettirebilirsiniz.\n\n<strong>4. \u00c7ocuklar\u0131n Sorular\u0131na D\u00fcr\u00fcst\u00e7e ve Basit\u00e7e Cevap Verilmelidir.<\/strong>\n\u00c7ocuklar genellikle olaylarla ilgili merak ettikleri sorular sorarlar. Onlara ya\u015flar\u0131na uygun \u015fekilde\na\u00e7\u0131k ve do\u011fru cevaplar vermek \u00f6nemlidir. \u00d6rne\u011fin, \u201cNeden insanlar ba\u011f\u0131r\u0131yor ya da y\u00fcr\u00fcyor?\u201d diye\nsorarlarsa, \u201cBaz\u0131 insanlar kendilerini mutsuz eden \u015feyleri de\u011fi\u015ftirmek istiyorlar ve bunu g\u00f6stermek\ni\u00e7in bir araya geliyorlar.\u201d diyebilirsiniz.\n\n<strong>5. Olumlu ve \u00c7\u00f6z\u00fcm Odakl\u0131 Bir Bak\u0131\u015f A\u00e7\u0131s\u0131 Sunulmal\u0131d\u0131r.<\/strong>\n\u00c7ocuklara, insanlar\u0131n farkl\u0131 d\u00fc\u015f\u00fcnceleri olabilece\u011fini, \u00f6nemli olan\u0131n bunlar\u0131 sayg\u0131l\u0131 \u015fekilde ifade\netmek oldu\u011funu anlatabilirsiniz. \u201cBazen insanlar farkl\u0131 d\u00fc\u015f\u00fcn\u00fcyor ve bunu g\u00f6stermek istiyorlar. Ama\nherkesin amac\u0131 daha iyi bir ya\u015fam s\u00fcrmek.\u201d diyerek olaylar\u0131 daha yap\u0131c\u0131 bir \u015fekilde a\u00e7\u0131klayabilirsiniz.\n\n<strong>6. Medya ve Sosyal Medya \u0130\u00e7eriklerinden Uzak Tutulmal\u0131d\u0131r.<\/strong>\n\u00c7ocuklar\u0131n televizyonda ya da sosyal medyada \u015fiddet i\u00e7eren g\u00f6r\u00fcnt\u00fcler g\u00f6rmesini engellemek\n\u00f6nemlidir. E\u011fer bir g\u00f6r\u00fcnt\u00fc ya da haber g\u00f6r\u00fcrlerse, onlara \u201cBu olaylar\u0131n hepsi her yerde olmuyor,\nama baz\u0131 insanlar duygular\u0131n\u0131 g\u00f6stermek i\u00e7in bu yollar\u0131 se\u00e7iyor.\u201d diyerek a\u00e7\u0131klayabilirsiniz.\n\n<strong>7. \u00c7ocuklar\u0131 Dinlemeli ve Duygular\u0131n\u0131 Anlamalar\u0131na Yard\u0131mc\u0131 Olunmal\u0131d\u0131r.<\/strong>\n\u00c7ocuklar g\u00f6rd\u00fckleri ve duyduklar\u0131 \u015feyler kar\u015f\u0131s\u0131nda korku, endi\u015fe veya \u00fcz\u00fcnt\u00fc hissedebilirler. Onlar\u0131\ndinleyerek duygular\u0131n\u0131 anlamalar\u0131na yard\u0131mc\u0131 olun. \u201cBu konular seni biraz endi\u015felendirdi mi?\u201d gibi\nsorularla ne hissettiklerini anlamaya \u00e7al\u0131\u015fabilirsiniz.\n\n<strong>Sonu\u00e7 olarak:<\/strong>\n\u00c7ocuklara toplumsal olaylar\u0131 anlat\u0131rken basit, korkutucu olmayan ve g\u00fcven verici bir dil kullanmak\n\u00f6nemlidir. Ayr\u0131ca, onlar\u0131n duygular\u0131n\u0131 anlamak ve kendilerini g\u00fcvende hissetmelerini sa\u011flamak\n\u00f6ncelikli olmal\u0131d\u0131r.\n\n<p style=\"text-align: center;\"><strong>Mini Kul\u00fcp \u00c7ocuk Evi Psikolojik Dan\u0131\u015fmanlar\u0131<\/strong>\n<!-- \/wp:post-content --><!-- \/wp:freeform -->","protected":false},"excerpt":{"rendered":"<p>\u00c7ocuklara toplumsal olaylar\u0131 anlat\u0131rken ya\u015flar\u0131na, duygusal hassasiyetlerine ve anlay\u0131\u015f seviyelerine uygun bir dil kullanmak \u00f6nemlidir. Ayr\u0131ca, onlar\u0131n kayg\u0131lar\u0131n\u0131 art\u0131rmadan, g\u00fcven duygular\u0131n\u0131 zedelemeden a\u00e7\u0131klamalar yapmak gerekir. 1. \u00c7ocu\u011fun Ya\u015f\u0131na ve Anlay\u0131\u015f Seviyesine Uygun A\u00e7\u0131klamalar Yap\u0131lmal\u0131d\u0131r. 3-6 ya\u015f i\u00e7in basit ve genel ifadeler kullanabilirsiniz, \u201cBazen insanlar, kendilerini rahats\u0131z eden bir durumu anlatmak i\u00e7in bir araya gelir ve<\/p>\n<div class=\"klb-readmore\"><a href=\"https:\/\/www.minikulupcocukevi.com\/web\/cocuklar-ve-toplumsal-olaylar\/\" class=\"btn btn-primary\">READ MORE<\/a><\/div>\n","protected":false},"author":1,"featured_media":2182,"comment_status":"closed","ping_status":"closed","sticky":false,"template":"","format":"standard","meta":{"footnotes":""},"categories":[1],"tags":[],"class_list":["post-2181","post","type-post","status-publish","format-standard","has-post-thumbnail","hentry","category-psikolojik-yazilar","col-lg-12 mb-5"],"_links":{"self":[{"href":"https:\/\/www.minikulupcocukevi.com\/web\/wp-json\/wp\/v2\/posts\/2181","targetHints":{"allow":["GET"]}}],"collection":[{"href":"https:\/\/www.minikulupcocukevi.com\/web\/wp-json\/wp\/v2\/posts"}],"about":[{"href":"https:\/\/www.minikulupcocukevi.com\/web\/wp-json\/wp\/v2\/types\/post"}],"author":[{"embeddable":true,"href":"https:\/\/www.minikulupcocukevi.com\/web\/wp-json\/wp\/v2\/users\/1"}],"replies":[{"embeddable":true,"href":"https:\/\/www.minikulupcocukevi.com\/web\/wp-json\/wp\/v2\/comments?post=2181"}],"version-history":[{"count":2,"href":"https:\/\/www.minikulupcocukevi.com\/web\/wp-json\/wp\/v2\/posts\/2181\/revisions"}],"predecessor-version":[{"id":2211,"href":"https:\/\/www.minikulupcocukevi.com\/web\/wp-json\/wp\/v2\/posts\/2181\/revisions\/2211"}],"wp:featuredmedia":[{"embeddable":true,"href":"https:\/\/www.minikulupcocukevi.com\/web\/wp-json\/wp\/v2\/media\/2182"}],"wp:attachment":[{"href":"https:\/\/www.minikulupcocukevi.com\/web\/wp-json\/wp\/v2\/media?parent=2181"}],"wp:term":[{"taxonomy":"category","embeddable":true,"href":"https:\/\/www.minikulupcocukevi.com\/web\/wp-json\/wp\/v2\/categories?post=2181"},{"taxonomy":"post_tag","embeddable":true,"href":"https:\/\/www.minikulupcocukevi.com\/web\/wp-json\/wp\/v2\/tags?post=2181"}],"curies":[{"name":"wp","href":"https:\/\/api.w.org\/{rel}","templated":true}]}}