{"id":2213,"date":"2025-08-04T14:08:43","date_gmt":"2025-08-04T14:08:43","guid":{"rendered":"https:\/\/www.minikulupcocukevi.com\/web\/?p=2213"},"modified":"2025-08-04T17:05:52","modified_gmt":"2025-08-04T17:05:52","slug":"hem-keyifli-hem-de-cocuklarimizin-ruhsal-ve-zihinsel-gelisimine-katki-saglayacak-bir-tatil-nasil-olur","status":"publish","type":"post","link":"https:\/\/www.minikulupcocukevi.com\/web\/hem-keyifli-hem-de-cocuklarimizin-ruhsal-ve-zihinsel-gelisimine-katki-saglayacak-bir-tatil-nasil-olur\/","title":{"rendered":"\u00c7ocuklar\u0131m\u0131z\u0131n Ruhsal ve Zihinsel Geli\u015fimine Katk\u0131 Sa\u011flayacak Bir Tatil Nas\u0131l Olur?"},"content":{"rendered":"\n<p>Y\u0131l\u0131n yo\u011fun temposunun ard\u0131ndan gelen yaz tatili, \u00e7ocuklar i\u00e7in yaln\u0131zca bir dinlenme f\u0131rsat\u0131 de\u011fil, ayn\u0131 zamanda geli\u015fimlerini destekleyen b\u00fcy\u00fck bir potansiyel ta\u015f\u0131r. Ancak \u201cverimli\u201d bir tatil sadece akademik faaliyetleri kapsamaz; \u00e7ocuklar\u0131n duygusal, sosyal, bili\u015fsel ve fiziksel geli\u015fimleri a\u00e7\u0131s\u0131ndan da iyi de\u011ferlendirilmesi gereken \u00f6zel bir d\u00f6nemdir. Peki, hem keyifli hem de \u00e7ocuklar\u0131m\u0131z\u0131n ruhsal ve zihinsel geli\u015fimine katk\u0131 sa\u011flayacak bir tatil nas\u0131l olur?<\/p>\n\n\n\n<p><strong>1. Dinlenme Hakk\u0131: Bo\u015f Zaman, Bo\u015f De\u011fildir<\/strong><\/p>\n\n\n\n<p>Tatilde yap\u0131lacak en \u00f6nemli \u015feylerden biri, dinlenmektir. \u00c7ocuklar da yeti\u015fkinler gibi y\u0131l boyunca bir\u00e7ok beklenti ve stresle ba\u015f etmek zorunda kal\u0131rlar. \u00d6zellikle s\u0131nav y\u0131l\u0131 ge\u00e7iren \u00e7ocuklar i\u00e7in, fiziksel dinlenmenin yan\u0131 s\u0131ra zihinsel ve duygusal gev\u015feme de \u015fartt\u0131r.<\/p>\n\n\n\n<p>\u00c7ocu\u011fun g\u00fcn\u00fcn\u00fcn belli bir k\u0131sm\u0131n\u0131 bo\u015f zaman olarak planlamak, kendiyle kalmas\u0131na ve i\u00e7sel d\u00fcnyas\u0131n\u0131 tan\u0131mas\u0131na alan a\u00e7ar. Bu s\u00fcre\u00e7te \u201cs\u0131k\u0131lmak\u201d dahi \u00f6nemlidir; \u00e7\u00fcnk\u00fc s\u0131k\u0131lmak, \u00e7ocuklarda yarat\u0131c\u0131l\u0131\u011f\u0131n geli\u015fmesi i\u00e7in f\u0131rsatt\u0131r.<\/p>\n\n\n\n<p>\u00a0<strong>2. \u00d6\u011frenme Farkl\u0131 Bir Yolla Devam Etmeli<\/strong><\/p>\n\n\n\n<p>E\u011fitim sadece okul duvarlar\u0131 aras\u0131nda de\u011fil, hayat\u0131n her alan\u0131nda devam eder. Tatilde, \u00e7ocuklara resmi e\u011fitimden farkl\u0131 yollarla \u00f6\u011frenme f\u0131rsat\u0131 sunmak olduk\u00e7a etkilidir.<\/p>\n\n\n\n<p>Do\u011fa y\u00fcr\u00fcy\u00fc\u015fleri, m\u00fcze gezileri, sanat at\u00f6lyeleri, kamp etkinlikleri gibi etkinliklerle \u00f6\u011frenmeyi e\u011flenceli hale getirebilirsiniz. Kitap okuma al\u0131\u015fkanl\u0131\u011f\u0131 desteklenmeli, ancak bu bir \u00f6dev havas\u0131na sokulmamal\u0131d\u0131r. \u00c7ocuk, kendi se\u00e7ti\u011fi kitaplar\u0131 okuyarak i\u00e7 motivasyon geli\u015ftirmelidir.<\/p>\n\n\n\n<p><strong>\u00a03. Yarat\u0131c\u0131l\u0131\u011fa Alan Tan\u0131nmal\u0131<\/strong><\/p>\n\n\n\n<p>\u00c7ocuklar\u0131n yaz tatilinde kendi ilgilerini ke\u015ffetmeleri b\u00fcy\u00fck \u00f6nem ta\u015f\u0131r. Resim yapmak, m\u00fczikle ilgilenmek, oyun kurmak gibi aktiviteler hem \u00f6zg\u00fcven geli\u015ftirir hem de \u00e7ocuklar\u0131n i\u00e7 d\u00fcnyas\u0131n\u0131 ifade etmesine olanak tan\u0131r. Bu noktada ailelerin yapmas\u0131 gereken, \u00e7ocu\u011fu belirli alanlara y\u00f6nlendirmekten \u00e7ok, farkl\u0131 se\u00e7enekler sunarak denemesine f\u0131rsat tan\u0131makt\u0131r.<\/p>\n\n\n\n<p><strong>\u00a04. Sosyal Geli\u015fim \u0130\u00e7in Do\u011fal Ortamlar<\/strong><\/p>\n\n\n\n<p>Tatiller, \u00e7ocuklar\u0131n akran ili\u015fkilerini geli\u015ftirmeleri i\u00e7in e\u015fsiz zamanlard\u0131r. Okul d\u0131\u015f\u0131 sosyal etkile\u015fimler, \u00e7ocu\u011fun sosyal becerilerini do\u011fal \u015fekilde peki\u015ftirmesini sa\u011flar.<\/p>\n\n\n\n<p>Kuzenlerle ge\u00e7irilen zaman, mahalle arkada\u015flar\u0131yla yap\u0131lan oyunlar ya da kamp gibi etkinlikler \u00e7ocuklara tak\u0131m \u00e7al\u0131\u015fmas\u0131, anla\u015fmazl\u0131k \u00e7\u00f6z\u00fcm\u00fc ve empati gibi beceriler kazand\u0131r\u0131r.<\/p>\n\n\n\n<p>Aileler, \u00e7ocuklar\u0131 teknolojiye alternatif olarak sosyalle\u015febilecekleri do\u011fal ortamlara y\u00f6nlendirmelidir.<\/p>\n\n\n\n<p><strong>\u00a05. Ekran S\u00fcresi ve Dijital Dengeler<\/strong><\/p>\n\n\n\n<p>Tatilde ekran s\u00fcresi genellikle artar. Bu noktada, yasaklamak yerine s\u0131n\u0131r koymak daha sa\u011fl\u0131kl\u0131 sonu\u00e7lar do\u011furur. G\u00fcnde belirli bir saat ekran kullan\u0131m\u0131na izin verilirken, kalan vakitlerde dijital olmayan alternatifler sunulmal\u0131d\u0131r. Ekran s\u00fcresi, \u00e7ocukla birlikte konu\u015fularak belirlenmeli; \u00e7ocuk kendisini karar s\u00fcrecinde de\u011ferli hissetmelidir.<\/p>\n\n\n\n<p><strong>6. Ailece Zaman Ge\u00e7irmek<\/strong><\/p>\n\n\n\n<p>Tatiller, yaln\u0131zca \u00e7ocuklar i\u00e7in de\u011fil, aile ba\u011flar\u0131n\u0131n kuvvetlenmesi i\u00e7in de bir f\u0131rsatt\u0131r. Kaliteli aile vakitleri, \u00e7ocu\u011fun aidiyet duygusunu ve g\u00fcven ba\u011flar\u0131n\u0131 g\u00fc\u00e7lendirir.<\/p>\n\n\n\n<p>Beraber yap\u0131lan yemekler, ev i\u00e7i oyunlar, birlikte y\u00fcr\u00fcy\u00fc\u015fe \u00e7\u0131kmak veya film izlemek bile \u00e7ocu\u011fun g\u00f6z\u00fcnde anlaml\u0131 hale gelebilir. Aile bireyleriyle ge\u00e7irilen bu an\u0131lar, \u00e7ocu\u011fun ruhsal geli\u015fiminde \u00f6nemli yer tutar.<\/p>\n\n\n\n<p><strong>\u00a07. Planl\u0131 Ama Esnek Bir Tatil yani Denge<\/strong><\/p>\n\n\n\n<p>Tatil program\u0131 yap\u0131l\u0131rken esnek bir yap\u0131 tercih edilmelidir. G\u00fcnl\u00fck bir rutin olu\u015fturulabilir ancak bu rutin askeri bir disiplin i\u00e7inde de\u011fil, \u00e7ocu\u011fun ihtiya\u00e7lar\u0131na g\u00f6re \u015fekillenen esnek bir yap\u0131 i\u00e7inde olmal\u0131d\u0131r. \u00d6rne\u011fin, bir g\u00fcn do\u011fa y\u00fcr\u00fcy\u00fc\u015f\u00fc varsa, ertesi g\u00fcn daha serbest bir g\u00fcn olabilir.<\/p>\n\n\n\n<p>\u00c7ocu\u011fa da plan yap\u0131m s\u00fcrecinde s\u00f6z hakk\u0131 verilerek sorumluluk ve karar alma becerisi desteklenebilir.<\/p>\n\n\n\n<p>\u00c7ocuklar i\u00e7in tatil, yaln\u0131zca akademik yorgunlu\u011fun at\u0131ld\u0131\u011f\u0131 bir d\u00f6nem de\u011fil, ayn\u0131 zamanda bireysel geli\u015fim, sosyalle\u015fme, duygusal dinlenme ve yarat\u0131c\u0131l\u0131\u011f\u0131n geli\u015fti\u011fi \u00f6zel bir zaman dilimidir. Psikolojik a\u00e7\u0131dan destekleyici bir tatil, \u00e7ocu\u011fun okul d\u00f6nemine daha istekli, dengeli ve \u00f6zg\u00fcvenli ba\u015flamas\u0131n\u0131 sa\u011flar.<\/p>\n\n\n\n<p>Ebeveynlerin bu s\u00fcreci bir \u201cyar\u0131\u015f\u201d gibi de\u011fil, bir \u201cke\u015fif\u201d gibi g\u00f6rmeleri en sa\u011fl\u0131kl\u0131 yakla\u015f\u0131md\u0131r. Unutmayal\u0131m, tatil yaln\u0131zca bo\u015f zaman de\u011fil; iyi kullan\u0131l\u0131rsa bir \u00e7ocu\u011fun karakterini \u015fekillendiren zeminlerden biridir.<\/p>\n\n<p style=\"text-align: center;\"><strong>Mini Kul\u00fcp \u00c7ocuk Evi Psikolojik Dan\u0131\u015fmanlar\u0131<\/strong>\n<!-- \/wp:post-content -->","protected":false},"excerpt":{"rendered":"<p>Y\u0131l\u0131n yo\u011fun temposunun ard\u0131ndan gelen yaz tatili, \u00e7ocuklar i\u00e7in yaln\u0131zca bir dinlenme f\u0131rsat\u0131 de\u011fil, ayn\u0131 zamanda geli\u015fimlerini destekleyen b\u00fcy\u00fck bir potansiyel ta\u015f\u0131r. Ancak \u201cverimli\u201d bir tatil sadece akademik faaliyetleri kapsamaz; \u00e7ocuklar\u0131n duygusal, sosyal, bili\u015fsel ve fiziksel geli\u015fimleri a\u00e7\u0131s\u0131ndan da iyi de\u011ferlendirilmesi gereken \u00f6zel bir d\u00f6nemdir. Peki, hem keyifli hem de \u00e7ocuklar\u0131m\u0131z\u0131n ruhsal ve zihinsel geli\u015fimine<\/p>\n<div class=\"klb-readmore\"><a href=\"https:\/\/www.minikulupcocukevi.com\/web\/hem-keyifli-hem-de-cocuklarimizin-ruhsal-ve-zihinsel-gelisimine-katki-saglayacak-bir-tatil-nasil-olur\/\" class=\"btn btn-primary\">READ MORE<\/a><\/div>\n","protected":false},"author":1,"featured_media":2214,"comment_status":"closed","ping_status":"closed","sticky":false,"template":"","format":"standard","meta":{"footnotes":""},"categories":[1],"tags":[],"class_list":["post-2213","post","type-post","status-publish","format-standard","has-post-thumbnail","hentry","category-psikolojik-yazilar","col-lg-12 mb-5"],"_links":{"self":[{"href":"https:\/\/www.minikulupcocukevi.com\/web\/wp-json\/wp\/v2\/posts\/2213","targetHints":{"allow":["GET"]}}],"collection":[{"href":"https:\/\/www.minikulupcocukevi.com\/web\/wp-json\/wp\/v2\/posts"}],"about":[{"href":"https:\/\/www.minikulupcocukevi.com\/web\/wp-json\/wp\/v2\/types\/post"}],"author":[{"embeddable":true,"href":"https:\/\/www.minikulupcocukevi.com\/web\/wp-json\/wp\/v2\/users\/1"}],"replies":[{"embeddable":true,"href":"https:\/\/www.minikulupcocukevi.com\/web\/wp-json\/wp\/v2\/comments?post=2213"}],"version-history":[{"count":3,"href":"https:\/\/www.minikulupcocukevi.com\/web\/wp-json\/wp\/v2\/posts\/2213\/revisions"}],"predecessor-version":[{"id":2218,"href":"https:\/\/www.minikulupcocukevi.com\/web\/wp-json\/wp\/v2\/posts\/2213\/revisions\/2218"}],"wp:featuredmedia":[{"embeddable":true,"href":"https:\/\/www.minikulupcocukevi.com\/web\/wp-json\/wp\/v2\/media\/2214"}],"wp:attachment":[{"href":"https:\/\/www.minikulupcocukevi.com\/web\/wp-json\/wp\/v2\/media?parent=2213"}],"wp:term":[{"taxonomy":"category","embeddable":true,"href":"https:\/\/www.minikulupcocukevi.com\/web\/wp-json\/wp\/v2\/categories?post=2213"},{"taxonomy":"post_tag","embeddable":true,"href":"https:\/\/www.minikulupcocukevi.com\/web\/wp-json\/wp\/v2\/tags?post=2213"}],"curies":[{"name":"wp","href":"https:\/\/api.w.org\/{rel}","templated":true}]}}