{"id":2245,"date":"2025-09-29T13:42:45","date_gmt":"2025-09-29T13:42:45","guid":{"rendered":"https:\/\/www.minikulupcocukevi.com\/web\/?p=2245"},"modified":"2025-09-29T13:42:45","modified_gmt":"2025-09-29T13:42:45","slug":"cocuklarda-gece-teroru","status":"publish","type":"post","link":"https:\/\/www.minikulupcocukevi.com\/web\/cocuklarda-gece-teroru\/","title":{"rendered":"\u00c7ocuklarda Gece Ter\u00f6r\u00fc"},"content":{"rendered":"<p>Bir\u00e7ok ebeveyn i\u00e7in \u00e7ocu\u011funun uykuda \u00e7\u0131\u011fl\u0131k atarak, ter i\u00e7inde uyan\u0131p do\u011frulmas\u0131, g\u00f6zlerini kocaman a\u00e7\u0131p etrafa bakmas\u0131 son derece \u00fcrk\u00fct\u00fcc\u00fc olabilir. \u0130\u015fte bu tablo \u201cgece ter\u00f6r\u00fc\u201d olarak adland\u0131r\u0131l\u0131r. Ad\u0131 \u00fcrk\u00fct\u00fcc\u00fc olsa da asl\u0131nda \u00e7o\u011fu zaman ge\u00e7ici ve zarars\u0131z bir durumdur.<\/p>\n<p>\u00a0<\/p>\n<p><strong>Gece Ter\u00f6r\u00fc Nedir?<\/strong><\/p>\n<p>\u201cGece ter\u00f6r\u00fc\u201d, 3-10 ya\u015f aras\u0131 \u00e7ocuklarda daha s\u0131k g\u00f6r\u00fclen bir uyku bozuklu\u011fudur. Genellikle gecenin ilk saatlerinde, derin uykudan hafif uykuya ge\u00e7erken ortaya \u00e7\u0131kar. Aniden feryat edebilir, yata\u011f\u0131nda do\u011frulabilir, kalbi h\u0131zl\u0131 \u00e7arpar, terler, hatta ko\u015fmaya \u00e7al\u0131\u015fabilir. Bu s\u0131rada \u00e7evresindekileri tan\u0131maz ve sakinle\u015ftirmek zor olabilir. Sabah oldu\u011funda ise gece ya\u015fananlar\u0131 hi\u00e7 hat\u0131rlamaz.<\/p>\n<p>\u00a0<\/p>\n<p><strong>Gece Ter\u00f6r\u00fcn\u00fcn Kabustan Fark\u0131 Nedir?<\/strong><\/p>\n<p>Kabusta \u00e7ocuk uyand\u0131\u011f\u0131nda korktu\u011funu anlatabilir. Gece ter\u00f6r\u00fcnde ise tam uyan\u0131kl\u0131k s\u00f6z konusu de\u011fildir; bir nevi uykuda ya\u015fanan \u201cyanl\u0131\u015f alarm\u201dd\u0131r. Yani \u00e7ocu\u011funuz asl\u0131nda korkun\u00e7 bir r\u00fcya g\u00f6rm\u00fcyordur.<\/p>\n<p>\u00a0<\/p>\n<p><strong>Gece Ter\u00f6r\u00fc Neden Olur?<\/strong><\/p>\n<p>Gece ter\u00f6r\u00fcn\u00fcn tek bir sebebi yoktur ancak a\u015fa\u011f\u0131da s\u0131ralananlar\u00a0 tetikleyici olabilir:<br \/>&gt; Yorgunluk ve d\u00fczensiz uyku saatleri,<br \/>&gt; Stres ve g\u00fcnd\u00fcz ya\u015fanan yo\u011fun duygular,<br \/>&gt; Ate\u015fli hastal\u0131klar,<br \/>&gt; Ailede uyku bozuklu\u011fu \u00f6yk\u00fcs\u00fc<\/p>\n<p>\u00a0<\/p>\n<p><strong>Ebeveynler Neler Yapabilir ?<\/strong><\/p>\n<p>Gece ter\u00f6r\u00fc ya\u015fayan \u00e7ocu\u011fu uyand\u0131rmaya \u00e7al\u0131\u015fmak genellikle i\u015fe yaramaz, hatta huzursuzlu\u011fu art\u0131rabilir. Dolay\u0131s\u0131 ile bunun d\u0131\u015f\u0131nda ba\u015fka sa\u011falt\u0131m yollar\u0131n\u0131 denemek gerekir.<br \/>&gt; \u00c7ocu\u011fun g\u00fcvenli\u011fini sa\u011flamak, (yata\u011f\u0131n kenar\u0131na d\u00fc\u015fmeyi engellemek, cam\/kap\u0131lar\u0131 kapatmak)<br \/>&gt; Ebeveyn olarak sakin kalmaya \u00e7al\u0131\u015fmak,<br \/>&gt; D\u00fczenli uyku rutini olu\u015fturmak,<br \/>&gt; Yorgunlu\u011fu azaltmak<br \/>&gt; Duygular\u0131n\u0131 reg\u00fcle etmesini \u00f6\u011frenmeye yard\u0131mc\u0131 olmak.<\/p>\n<p>\u00c7o\u011fu \u00e7ocuk birka\u00e7 y\u0131l i\u00e7inde bu d\u00f6nemi kendili\u011finden atlat\u0131r. E\u011fer \u00e7ok s\u0131k tekrarlan\u0131yor, g\u00fcnd\u00fcz hayat\u0131n\u0131 etkiliyorsa ya da ebeveynde kayg\u0131 yarat\u0131yorsa bir uzmana dan\u0131\u015fmak faydal\u0131 olacakt\u0131r.<\/p>\n\n\n<p><\/p>\n\n\n<p style=\"text-align: center;\"><strong>Mini Kul\u00fcp \u00c7ocuk Evi Psikolojik Dan\u0131\u015fmanlar\u0131<\/strong><br \/>\n<!-- \/wp:post-content --><\/p>","protected":false},"excerpt":{"rendered":"<p>Bir\u00e7ok ebeveyn i\u00e7in \u00e7ocu\u011funun uykuda \u00e7\u0131\u011fl\u0131k atarak, ter i\u00e7inde uyan\u0131p do\u011frulmas\u0131, g\u00f6zlerini kocaman a\u00e7\u0131p etrafa bakmas\u0131 son derece \u00fcrk\u00fct\u00fcc\u00fc olabilir. \u0130\u015fte bu tablo \u201cgece ter\u00f6r\u00fc\u201d olarak adland\u0131r\u0131l\u0131r. Ad\u0131 \u00fcrk\u00fct\u00fcc\u00fc olsa da asl\u0131nda \u00e7o\u011fu zaman ge\u00e7ici ve zarars\u0131z bir durumdur. \u00a0 Gece Ter\u00f6r\u00fc Nedir? \u201cGece ter\u00f6r\u00fc\u201d, 3-10 ya\u015f aras\u0131 \u00e7ocuklarda daha s\u0131k g\u00f6r\u00fclen bir uyku bozuklu\u011fudur.<\/p>\n<div class=\"klb-readmore\"><a href=\"https:\/\/www.minikulupcocukevi.com\/web\/cocuklarda-gece-teroru\/\" class=\"btn btn-primary\">READ MORE<\/a><\/div>\n","protected":false},"author":1,"featured_media":2246,"comment_status":"closed","ping_status":"closed","sticky":false,"template":"","format":"standard","meta":{"footnotes":""},"categories":[1],"tags":[],"class_list":["post-2245","post","type-post","status-publish","format-standard","has-post-thumbnail","hentry","category-psikolojik-yazilar","col-lg-12 mb-5"],"_links":{"self":[{"href":"https:\/\/www.minikulupcocukevi.com\/web\/wp-json\/wp\/v2\/posts\/2245","targetHints":{"allow":["GET"]}}],"collection":[{"href":"https:\/\/www.minikulupcocukevi.com\/web\/wp-json\/wp\/v2\/posts"}],"about":[{"href":"https:\/\/www.minikulupcocukevi.com\/web\/wp-json\/wp\/v2\/types\/post"}],"author":[{"embeddable":true,"href":"https:\/\/www.minikulupcocukevi.com\/web\/wp-json\/wp\/v2\/users\/1"}],"replies":[{"embeddable":true,"href":"https:\/\/www.minikulupcocukevi.com\/web\/wp-json\/wp\/v2\/comments?post=2245"}],"version-history":[{"count":1,"href":"https:\/\/www.minikulupcocukevi.com\/web\/wp-json\/wp\/v2\/posts\/2245\/revisions"}],"predecessor-version":[{"id":2247,"href":"https:\/\/www.minikulupcocukevi.com\/web\/wp-json\/wp\/v2\/posts\/2245\/revisions\/2247"}],"wp:featuredmedia":[{"embeddable":true,"href":"https:\/\/www.minikulupcocukevi.com\/web\/wp-json\/wp\/v2\/media\/2246"}],"wp:attachment":[{"href":"https:\/\/www.minikulupcocukevi.com\/web\/wp-json\/wp\/v2\/media?parent=2245"}],"wp:term":[{"taxonomy":"category","embeddable":true,"href":"https:\/\/www.minikulupcocukevi.com\/web\/wp-json\/wp\/v2\/categories?post=2245"},{"taxonomy":"post_tag","embeddable":true,"href":"https:\/\/www.minikulupcocukevi.com\/web\/wp-json\/wp\/v2\/tags?post=2245"}],"curies":[{"name":"wp","href":"https:\/\/api.w.org\/{rel}","templated":true}]}}